{"id":11,"date":"2020-03-08T16:55:11","date_gmt":"2020-03-08T16:55:11","guid":{"rendered":"https:\/\/blog.cw-itservice.de\/?p=11"},"modified":"2020-05-31T14:23:35","modified_gmt":"2020-05-31T14:23:35","slug":"selbstliebe","status":"publish","type":"post","link":"https:\/\/blog.kerstinwarkentin.de\/?p=11","title":{"rendered":"Selbstliebe"},"content":{"rendered":"\n<p style=\"color:#00208a\" class=\"has-text-color has-drop-cap\"><em>Wenn wir uns zutiefst um uns selbst k\u00fcmmern, beginnen wir nat\u00fcrlich auch, uns um andere &#8211; unsere Familien, unsere Freunde, die Umwelt, die ganze Welt &#8211; auf ges\u00fcndere und effektivere Weise zu k\u00fcmmern.<\/em>            Cheryl Richardson<\/p>\n\n\n\n<p><\/p>\n\n\n\n<p style=\"color:#00208a\" class=\"has-text-color has-drop-cap\"><strong>EFT(C) \/Klopfakupressur&nbsp;und Selbstliebe <\/strong><\/p>\n\n\n\n<p> <\/p>\n\n\n\n<p>Der Satz, <\/p>\n\n\n\n<p>Zitat: <\/p>\n\n\n\n<p style=\"color:#00208a\" class=\"has-text-color has-drop-cap\">Ich liebe und akzeptiere mich, auch wenn ich dieses Problem habe,<\/p>\n\n\n\n<p style=\"color:#00208a\" class=\"has-text-color\">ist  f\u00fcr fast alle, ein innerer Aufschrei. Gab es das Gef\u00fchl von &#8222;Ich liebe mich selbst so wie ich bin&#8220; jemals? <br>Es f\u00e4llt schwer sich selbst zu lieben. Warum? <br>Weil  es uns niemand gezeigt hat. Weil wir irgendwann aus dem Alter des  lieblichen, s\u00fc\u00dfen kleinen Kindes raus waren und die Aufmerksamkeit, die sich bis dahin auf uns konzentriert, hat nicht mehr angebracht war.  Meist im Alter des Laufen lernens. Alle sind entz\u00fcckt dar\u00fcber, dass man  sich vom Krabbeln aufs Laufen verlegt, aber wehe, man l\u00e4uft in die  falsche Richtung oder l\u00e4uft dahin, wo Mama nicht hin will. Von da ab, wird man gestoppt. Der Freiheit sind Grenzen gesetzt. <br>Klar, Grenzen m\u00fcssen sein, aber sind sie auch logisch f\u00fcr ein 2 j\u00e4hriges Kind? <br>Von jetzt auf gleich war der Sonnenschein der Liebe weg. <br>Und stattdessen hagelte es Vorschriften, Verbote, Regeln, Beschr\u00e4nkungen und noch viel mehr. Alles basierend auf Angst der Eltern und dem, was sie selbst als Kind gelernt haben. <\/p>\n\n\n\n<p style=\"color:#00208a\" class=\"has-text-color has-drop-cap\">Selbstliebe war, in aller Konsequenz gelebt, durch die Teenagerzeit bis zum Erwachesenen, jetzt egoistisch, krankhaft, narzistisch, unsinnig, von Gott abgewandt sein, vom Teufel besessen, schmutzig und was es so noch alles gab und gibt. <\/p>\n\n\n\n<p style=\"color:#00208a\" class=\"has-text-color\">Ich kann mich erinnern, dass ich Schneewitchen, im  Kindergarten spielen durfte, aus dem M\u00e4rchen Schneewitchen und die 7  Zwerge. <br>Ich war 4 Jahre und trug diese zauberhaften tausendfache Schichten von T\u00fcll Petticoats, die raschelten und aufgebauscht waren und mir ein unglaubliches Gef\u00fchl von Erwachsen-sein gaben und etwas Besonderes zu sein. Ich hab mich stundenlang im Spiegel bewundert, mich geschminkt, wie ich das bei Mami gesehen habe mit ihren Lippenstiften, eine tiefschwarz langhaarige Per\u00fccke, die bis zum Po  reichte, vom Kindergarten ausgeliehen, Bewegungen gemacht und rumget\u00e4nzelt auf den viel zu gro\u00dfen  St\u00f6ckelschuhe meiner Mama. Es waren verz\u00fcckte Momente des Selbstverliebtseins. <\/p>\n\n\n\n<p style=\"color:#00208a\" class=\"has-text-color\">Irgendwann, ist irgendwas passiert, hat jemand zu mir irgendwas gesagt, habe ich irgendwas geh\u00f6rt und von da ab h\u00f6rte das auf. <br>Von da ab, trage ich den Satz mit mir: <\/p>\n\n\n\n<p style=\"color:#00208a\" class=\"has-text-color has-drop-cap\">ICH BIN NICHT GUT GENUG <\/p>\n\n\n\n<figure class=\"wp-block-image size-large\"><img decoding=\"async\" loading=\"lazy\" width=\"640\" height=\"283\" src=\"https:\/\/blog.kerstinwarkentin.de\/wp-content\/uploads\/2020\/03\/grafik-2.png\" alt=\"\" class=\"wp-image-23\" srcset=\"https:\/\/blog.kerstinwarkentin.de\/wp-content\/uploads\/2020\/03\/grafik-2.png 640w, https:\/\/blog.kerstinwarkentin.de\/wp-content\/uploads\/2020\/03\/grafik-2-300x133.png 300w\" sizes=\"(max-width: 640px) 100vw, 640px\" \/><\/figure>\n\n\n\n<p class=\"has-drop-cap\"><br>Das  ist jedem Menschen zu eigen, da bin ich keine Ausnahme.Hinter jedem Glaubenssatz, hinter jedem negativen Gef\u00fchl, hinter jedem Urteil, hinter jeder Schlussfolgerung, Vermutung und Vergleichen, steht <\/p>\n\n\n\n<p><\/p>\n\n\n\n<p style=\"color:#00208a\" class=\"has-text-color has-drop-cap\">ICH BIN NICHT GUT GENUG <\/p>\n\n\n\n<p style=\"color:#00208a\" class=\"has-text-color\">Wenn ich glaube, ich bin es nicht wert geliebt zu werden, was k\u00f6nnte da drunter stecken? <br>Wer bestimmt den Wert? <br>Mama? Papa? <br>Wenn ich glaube, ich habe kein Recht darauf, geliebt zu werden, wem gebe ich das Recht dazu, mir das zu verwehren ? <br>Wenn  ich glaube, ich verdiene es nicht, geliebt zu werden, wann habe ich der Liebe einen Wertestempel aufgedr\u00fcckt, der sich im Preis niederschl\u00e4gt? <br>Wenn  ich glaube, es ist gef\u00e4hrlich f\u00fcr mich geliebt zu werden, wann bin ich so tief verletzt worden, dass ich diesen Schmerz nie wieder erleiden will, und mich selbst ablehne? <br>Jede Erkl\u00e4rung, jede Entschuldigung, jedes Urteil, ist ein Stengel dieser Basispflanze.( meine Ansicht! ) <\/p>\n\n\n\n<p style=\"color:#00208a\" class=\"has-text-color\">Es  gibt viele Entschuldigungen, Rechtfertigungen, Schuldzuweisungen, Erkl\u00e4rungen, logische Tatsachen, aber darum geht es nicht. In diesem  Augenblick, der einen Bruchteil einer Sekunde dauert, ver\u00e4ndert sich ein  Leben. Alles f\u00e4llt zusammen. Warum? <br>Wir  f\u00fchlten uns, von genau diesem Augenblick an, getrennt. Getrennt von Mama  und Papa, getrennt von Gott, getrennt von uns selbst. <br>Es kommt diese tiefe Entt\u00e4uschung, nicht gut genug zu sein. Niemals gut genug zu sein <br>Von da an, haben wir einen Vertrag mit uns selbst geschlossen, der sich wie ein roter Faden durch unser Leben zieht. <br>Mein Vertrag mit mir lautetet: <\/p>\n\n\n\n<p class=\"has-text-color has-drop-cap has-vivid-red-color\">Ich bin nur wertvoll, wenn ich verraten werde <\/p>\n\n\n\n<p style=\"color:#00208a\" class=\"has-text-color\"><br>Ich  habe mich selbst verraten ich verrate mich selbst, immer wieder, in dem  ich seit dem, diesen Mangel an Liebe f\u00fcr mich selbst sp\u00fcre. Nichts dagegen tun kann, weil ich diesen Vertrag nicht brechen will. <br>Einen logischen Grund gibts nicht wirklich. Es ist so was wie, Trotz oder Rache gegen sich selbst? <\/p>\n\n\n\n<p style=\"color:#00208a\" class=\"has-text-color\">So,\n hier habe ich letztes Jahr schon ein paar Experiment gemacht mit der \nEigenliebe, mit dem Selbst- Verliebtsein, mit der Liebe zu mir selbst. <\/p>\n\n\n\n<p style=\"color:#00208a\" class=\"has-text-color\">Wie wahr ist der Satz: ICH LIEBE MICH, auf der Skala zwischen 1-10 <br>Wie wahr ist der Satz: ICH LIEBE MICH NICHT, auf der Skala zwischen 1-10 <\/p>\n\n\n\n<p style=\"color:#00208a\" class=\"has-text-color has-drop-cap\">Schreibe nach jedem Klopfdurchgang die Zahlen hinter die entsprechende Aussage <\/p>\n\n\n\n<p><a href=\"http:\/\/kerstinwarkentin.de\/html\/selbstliebe_von_brad_yates.html\"> Link zu der Klopfsequenz: Selbstliebe<\/a><br><\/p>\n","protected":false},"excerpt":{"rendered":"<p>Wenn wir uns zutiefst um uns selbst k\u00fcmmern, beginnen wir nat\u00fcrlich auch, uns um andere &#8211; unsere Familien, unsere Freunde, die Umwelt, die ganze Welt &#8211; auf ges\u00fcndere und effektivere Weise zu k\u00fcmmern. Cheryl Richardson EFT(C) \/Klopfakupressur&nbsp;und Selbstliebe Der Satz, Zitat: Ich liebe und akzeptiere mich, auch wenn ich dieses Problem habe, ist f\u00fcr fast [&hellip;]<\/p>\n","protected":false},"author":2,"featured_media":22,"comment_status":"open","ping_status":"closed","sticky":false,"template":"","format":"standard","meta":{"ocean_post_layout":"","ocean_both_sidebars_style":"","ocean_both_sidebars_content_width":0,"ocean_both_sidebars_sidebars_width":0,"ocean_sidebar":"","ocean_second_sidebar":"","ocean_disable_margins":"enable","ocean_add_body_class":"","ocean_shortcode_before_top_bar":"","ocean_shortcode_after_top_bar":"","ocean_shortcode_before_header":"","ocean_shortcode_after_header":"","ocean_has_shortcode":"","ocean_shortcode_after_title":"","ocean_shortcode_before_footer_widgets":"","ocean_shortcode_after_footer_widgets":"","ocean_shortcode_before_footer_bottom":"","ocean_shortcode_after_footer_bottom":"","ocean_display_top_bar":"default","ocean_display_header":"default","ocean_header_style":"","ocean_center_header_left_menu":"","ocean_custom_header_template":"","ocean_custom_logo":0,"ocean_custom_retina_logo":0,"ocean_custom_logo_max_width":0,"ocean_custom_logo_tablet_max_width":0,"ocean_custom_logo_mobile_max_width":0,"ocean_custom_logo_max_height":0,"ocean_custom_logo_tablet_max_height":0,"ocean_custom_logo_mobile_max_height":0,"ocean_header_custom_menu":"","ocean_menu_typo_font_family":"","ocean_menu_typo_font_subset":"","ocean_menu_typo_font_size":0,"ocean_menu_typo_font_size_tablet":0,"ocean_menu_typo_font_size_mobile":0,"ocean_menu_typo_font_size_unit":"px","ocean_menu_typo_font_weight":"","ocean_menu_typo_font_weight_tablet":"","ocean_menu_typo_font_weight_mobile":"","ocean_menu_typo_transform":"","ocean_menu_typo_transform_tablet":"","ocean_menu_typo_transform_mobile":"","ocean_menu_typo_line_height":0,"ocean_menu_typo_line_height_tablet":0,"ocean_menu_typo_line_height_mobile":0,"ocean_menu_typo_line_height_unit":"","ocean_menu_typo_spacing":0,"ocean_menu_typo_spacing_tablet":0,"ocean_menu_typo_spacing_mobile":0,"ocean_menu_typo_spacing_unit":"","ocean_menu_link_color":"","ocean_menu_link_color_hover":"","ocean_menu_link_color_active":"","ocean_menu_link_background":"","ocean_menu_link_hover_background":"","ocean_menu_link_active_background":"","ocean_menu_social_links_bg":"","ocean_menu_social_hover_links_bg":"","ocean_menu_social_links_color":"","ocean_menu_social_hover_links_color":"","ocean_disable_title":"default","ocean_disable_heading":"default","ocean_post_title":"","ocean_post_subheading":"","ocean_post_title_style":"","ocean_post_title_background_color":"","ocean_post_title_background":0,"ocean_post_title_bg_image_position":"","ocean_post_title_bg_image_attachment":"","ocean_post_title_bg_image_repeat":"","ocean_post_title_bg_image_size":"","ocean_post_title_height":0,"ocean_post_title_bg_overlay":0.5,"ocean_post_title_bg_overlay_color":"","ocean_disable_breadcrumbs":"default","ocean_breadcrumbs_color":"","ocean_breadcrumbs_separator_color":"","ocean_breadcrumbs_links_color":"","ocean_breadcrumbs_links_hover_color":"","ocean_display_footer_widgets":"default","ocean_display_footer_bottom":"default","ocean_custom_footer_template":"","ocean_post_oembed":"","ocean_post_self_hosted_media":"","ocean_post_video_embed":"","ocean_link_format":"","ocean_link_format_target":"self","ocean_quote_format":"","ocean_quote_format_link":"post","ocean_gallery_link_images":"on","ocean_gallery_id":[]},"categories":[2],"tags":[18,17,16,19,15],"_links":{"self":[{"href":"https:\/\/blog.kerstinwarkentin.de\/index.php?rest_route=\/wp\/v2\/posts\/11"}],"collection":[{"href":"https:\/\/blog.kerstinwarkentin.de\/index.php?rest_route=\/wp\/v2\/posts"}],"about":[{"href":"https:\/\/blog.kerstinwarkentin.de\/index.php?rest_route=\/wp\/v2\/types\/post"}],"author":[{"embeddable":true,"href":"https:\/\/blog.kerstinwarkentin.de\/index.php?rest_route=\/wp\/v2\/users\/2"}],"replies":[{"embeddable":true,"href":"https:\/\/blog.kerstinwarkentin.de\/index.php?rest_route=%2Fwp%2Fv2%2Fcomments&post=11"}],"version-history":[{"count":9,"href":"https:\/\/blog.kerstinwarkentin.de\/index.php?rest_route=\/wp\/v2\/posts\/11\/revisions"}],"predecessor-version":[{"id":247,"href":"https:\/\/blog.kerstinwarkentin.de\/index.php?rest_route=\/wp\/v2\/posts\/11\/revisions\/247"}],"wp:featuredmedia":[{"embeddable":true,"href":"https:\/\/blog.kerstinwarkentin.de\/index.php?rest_route=\/wp\/v2\/media\/22"}],"wp:attachment":[{"href":"https:\/\/blog.kerstinwarkentin.de\/index.php?rest_route=%2Fwp%2Fv2%2Fmedia&parent=11"}],"wp:term":[{"taxonomy":"category","embeddable":true,"href":"https:\/\/blog.kerstinwarkentin.de\/index.php?rest_route=%2Fwp%2Fv2%2Fcategories&post=11"},{"taxonomy":"post_tag","embeddable":true,"href":"https:\/\/blog.kerstinwarkentin.de\/index.php?rest_route=%2Fwp%2Fv2%2Ftags&post=11"}],"curies":[{"name":"wp","href":"https:\/\/api.w.org\/{rel}","templated":true}]}}