{"id":499,"date":"2022-07-26T20:26:18","date_gmt":"2022-07-26T20:26:18","guid":{"rendered":"https:\/\/blog.kerstinwarkentin.de\/?p=499"},"modified":"2022-07-26T20:27:47","modified_gmt":"2022-07-26T20:27:47","slug":"vision-und-ablenkungen","status":"publish","type":"post","link":"https:\/\/blog.kerstinwarkentin.de\/?p=499","title":{"rendered":"Vision und Ablenkungen"},"content":{"rendered":"\n<p>Vision, wahrhaftiges Ziel, Liebe der Kreation und Aufschieberitis<br><br>Was w\u00fcrdest du lieben zu kreieren?<br>Was ist es, das dein Herz zum Schwingen bringt?<br>Was ist das, was du wirklich und wahrhaftig f\u00fcr dein Leben willst?<br>Was m\u00fcsste passieren, dass du in diesen Aha Moment kommst, und genau wei\u00dft, das ist es, was ich lieben w\u00fcrde zu kreieren.<br><br><strong>Ohne, <\/strong>das sollte ich, das m\u00fcsste ich, das k\u00f6nnte ich noch lernen, &#8230;<br><br>Du hast eine Vision, einen Wunsch, ein Ziel,&nbsp;du willst etwas erledigen, an einem Projekt arbeiten, du nimmst dir fest vor,<\/p>\n\n\n\n<p>ich will das Buch lesen, mir ein Webinar anschauen, jemanden anrufen, meditieren, Sport machen, ein gesundes Ern\u00e4hrungskonzept f\u00fcr mich selbst entwickeln, Zeit mit mir verbringen und mich mit mir selbst verbinden, f\u00fcr Probleml\u00f6sungen, f\u00fcr Visionen entwickeln, f\u00fcr Pl\u00e4ne machen oder was auch immer.<\/p>\n\n\n\n<p><br>Und dann ist der Moment da, indem ich genau das umsetzen will, was ich mir vornehme umzusetzen, und nach ein paar Minuten werde ich abgelenkt von Gedanken.<br>Gedanken, die mir suggerieren, dass ich unbedingt jetzt den Einkaufszettel machen muss<br>Dass ich unbedingt jetzt jemanden anrufen muss<br>Dass ich unbedingt jetzt aufr\u00e4umen und putzen muss<br>Dass ich unbedingt jetzt alles andere machen muss, nur nicht, was ich jetzt geplant habe, umzusetzen.<br><br>Kennst du das auch?<br>Abgelenkt sein von unglaublich wichtigen Gedanken, die eine sofortige Handlung bed\u00fcrfen.<br><br>Was sind das f\u00fcr Gedanken?<br>Woher kommen diese Gedanken?<br>Wie lange bleiben diese Gedanken, wenn ich sie nicht in die sofortige Handlung umsetze?<br>Mit welchen Bildern sind diese Gedanken verbunden?<br>Wie nehme ich diese Gedanken wahr?<br>Als Texte?<br>Als Gef\u00fchle?<br>Als Bilder?<br>Als Metaphern?<br><br>Was genau macht diese Gedanken so interessant, dass ich mich davon ablenken lasse?<br>Welchem Druck dahinter folge ich?<br>Ist es ein emotionaler Druck?<br>Ist es eine Regel, ein Gesetz, ein Verbot&nbsp; oder \u00e4hnliches, dass ich nicht das, was ich will, umsetze?<br>Woher kommen diese Gedanken, die mich kontrollieren, die mich manipulieren, die mich denken, die mich stecken bleiben lassen, die in mir diesen Kampf entstehen lassen, die in mir diesen Widerstand aufbauen, die mich nicht in die Umsetzung, in die Aktion, in die Handlung bringen, die nicht von mir gedacht werden.<br><br>Wovor habe ich Angst, vielleicht das, wenn ich meiner Vision folge, in meinen inneren Frieden komme?<br>Oder tats\u00e4chlich meine Vision verwirkliche?<br>Was ist das Schlimmste was passieren kann, wenn ich das tue, was ich geplant habe, zu tun?<br><br><\/p>\n\n\n\n<p>Antwort:<\/p>\n\n\n\n<p>Dann setze ich mich durch, gegen den Teil in mir, der mir diese Ablenkungs -Gedanken sendet.<br><br><\/p>\n\n\n\n<p>Also muss dieser Teil in mir eine Aufgabe haben.<\/p>\n\n\n\n<ul><li>Und vielleicht hat dieser Teil die Aufgabe, mich zu sch\u00fctzen vor dem Schlimmsten, was passieren kann.<\/li><li>Und vielleicht hat dieser Teil Angst um mich, das wenn ich meiner Vision folge, mir etwas Schlimmes passieren wird.<\/li><li>Und vielleicht hat dieser Teil die Aufgabe, den Glaubenssatz, die Schlussfolgerungen, die Komfortzone aufrechtzuerhalten, auf Biegen und Brechen.<\/li><li>Ja und vielleicht habe ich diesem Teil diese Aufgabe gegeben, damals als ich es nicht besser wusste, um mit einer dramatischen Situation umzugehen..<\/li><li>Und vielleicht wollte ich schon als Kind einer bestimmten Vision&nbsp; folgen und ich bin hingefallen, habe mich verletzt oder habe andere in Aufregung, Leid oder Schrecken versetzt?<\/li><li>Und vielleicht hat es schmerzhafte Konsequenzen gegeben, f\u00fcr mich und andere, sodass ich mir gesagt habe, das mache ich nie wieder.<\/li><li>Meiner Vision zu folgen, bedeutet Schmerz, Leid, Kummer, Angst, Strafe, Verbote, Begrenzung, Tod, Verlust, Erniedrigung, Dem\u00fctigung, Schuld, Scham, Peinlichkeit, \u00c4rger, Eifersucht, Neid,<\/li><li>verlassen sein, allein sein, angepasst sein, nicht gut genug sein,<\/li><li>andere wissen es besser, andere k\u00f6nnen mehr, andere sind Vorbild um in der Welt zurechtzukommen,<\/li><li>es muss perfekt sein um nicht als Versager und Verlierer da zustehen, ich muss \u00fcberzeugend sein, ich muss alles geben, ich muss alles daf\u00fcr tun,<\/li><li>ohne Hilfe kann ich nicht in dieser Welt existieren und den Anforderungen und Erwartungshaltungen gerecht werden,<\/li><li>ich selbst sein kann ich niemals sein, weil ich nicht wei\u00df wer ich bin, ich habe so viel M\u00f6glichkeit und nutze sie nicht,<\/li><li>aus Angst vor dem Unbekannten,&nbsp; vor dem noch gr\u00f6\u00dferen Schmerz, der da sein kann,<\/li><li>Angst vor den Fantasien, vor denen ich Angst habe, dass sie Wirklichkeit werden k\u00f6nnten, wenn ich meiner Vision folge, die aus meinem Herzen kommt,<\/li><li>dann verliere ich mich, verliere ich meine pseudo Identit\u00e4t,<\/li><li>mein Zuhause, meine Familie, meinen Halt, meine Sicherheit, einfach alles, was mir etwas bedeutet. Und das will ich auf gar keinen Fall aufs Spiel setzen.<\/li><li>Vielleicht ist es das Schlimmste, was passieren kann, dass ich alles verliere, was mir etwas bedeutet, was mich st\u00e4rkt, was meinem Leben einen Sinn gibt, was mich morgens aufwachen l\u00e4sst, was mich auf den Tag freuen l\u00e4sst, was mich hoffen l\u00e4sst, das heute der Tag ist, an dem ich wei\u00df, erkenne, entdecke was ich wirklich will.<\/li><\/ul>\n\n\n\n<p>Und das alles andere was passieren kann, Spekulationen sind, Fantasien sind, Hirngespinste sind, Vermutungen sind und einfach nur Ma\u00dfnahmen, Mutma\u00dfungen und Strategien des Teils in mir sind, der feststeckt.<br><br><br><strong>Was ist die L\u00f6sung jetzt?<\/strong><br><br>Anerkennung, Wertsch\u00e4tzung und W\u00fcrdigung dessen, was der Teil&nbsp; in mir festh\u00e4lt durch das<\/p>\n\n\n\n<p>L\u00f6sen der emotionalen Anhaftungen.<\/p>\n\n\n\n<p><em><strong>Mit der Energie der Absicht die emotionalen Anhaftungen l\u00f6sen<\/strong><\/em><br><br><br><\/p>\n\n\n\n<p><strong>Sage und klopfe an der Innenseite der Fingerkuppen und lasse die S\u00e4tze in dir wirken.<\/strong><\/p>\n\n\n\n<p><br><em>Ich l\u00f6se meine emotionalen Anhaftungen an diesem Teil, der in der Vergangenheit feststeckt<br><br><\/em><br><\/p>\n\n\n\n<p><em>Ich l\u00f6se meine emotionale Anhaftungen an die Situationen, die seitdem meine Begrenzung, mein Schutz und meine Komfortzone sind<br><br><\/em><br><\/p>\n\n\n\n<p><em>Ich l\u00f6se meine emotionalen Anhaftungen an all die Fantasien, Geschichten, Strategien, Mutma\u00dfungen und Hellsehereien, und Projektionen, in denen dieser Teil feststeckt<br><br><br>Ich l\u00f6se meine emotionalen Anhaftungen an diese Ablenkungs Gedanken, die mich sch\u00fctzen wollen<br><br><\/em><br><\/p>\n\n\n\n<p><em>Ich l\u00f6se meine emotionalen Anhaftungen an diese vermeintlichen Realit\u00e4ten<br><br><\/em><br><\/p>\n\n\n\n<p><em>Und<\/em><\/p>\n\n\n\n<p><em>Ich sende diese Ablenkungs Gedanken zur\u00fcck in die Vergangenheit, wo sie passiert sind, wo sie sich erschaffen haben, wo die sich etabliert haben<br><br><br>Und<\/em><\/p>\n\n\n\n<p><em>Ich erneuere den richtigen Energiefluss in meinem&nbsp; Bewusstsein<br><br><\/em><br><\/p>\n\n\n\n<p><em>Und<\/em><\/p>\n\n\n\n<p><em>Ich stelle die richtige Verbindung zu meiner inneren Wahrheit wieder her<br><br><\/em><br><\/p>\n\n\n\n<p><em>Und<\/em><\/p>\n\n\n\n<p><em>ich sende alle meine Fantasien und Projektionen und Mutma\u00dfungen und Hellseherei \u00fcber meine Zukunft ebenfalls zur\u00fcck in die Vergangenheit, zu dem Zeitpunkt, wo der Ursprung dieser Referenzpunkte, ist<br><\/em><br><\/p>\n\n\n\n<p>Nimm wahr, was jetzt anders ist?<\/p>\n\n\n\n<p>Und nimm jetzt wahr, was sich ver\u00e4ndert hat?<br>Woran merkst du, dass jetzt etwas anders ist?<br><br><\/p>\n\n\n\n<p>Vielleicht kommen neue, positive, heilende Gedanken.<br>Vielleicht kommen neue, negative, Gedanken, die dich an diesem Ordner festhalten lassen.<br><br><\/p>\n\n\n\n<p>Folge deiner inneren Gedankenwelt, deiner inneren Gef\u00fchlswelt und deinen k\u00f6rperlichen Reaktionen und l\u00f6se die emotionalen Anhaftungen daran mit diesen S\u00e4tzen der Absicht.<\/p>\n\n\n\n<p><br>Sage und klopfe und setze deinen Gedanken, dein Gef\u00fchl oder deine k\u00f6rperliche Reaktionen ein.<br><br><em>Ich l\u00f6se meine emotionalen Anhaftungen an&#8230;&#8230;.<br><br>Ich erneuere den richtigen Energiefluss &#8230;&#8230;&#8230;&#8230;&#8230;&#8230;&#8230;&#8230;&#8230;<\/em><\/p>\n\n\n\n<p><em>(an dieser Stelle, an der ich meine k\u00f6rperliche Reaktion sp\u00fcre)<br><br>Ich sende diesen Gedanken, dieses Gef\u00fchl, diese k\u00f6rperliche Reaktion, zur\u00fcck in die Vergangenheit, wo sie passiert ist, wo sie sich erschaffen hat, wo sie sich etabliert hat<br><\/em><br><em>Und Ich stelle die richtige Verbindung zu meiner inneren Wahrheit wieder her.<\/em><br><br><br><\/p>\n\n\n\n<p>Atme ein und aus<br><br><\/p>\n\n\n\n<p>Manchmal dauert es l\u00e4nger.<br>Manchmal geht es schnell.<br>Manchmal ver\u00e4ndert sich nichts.<br>Dann frage dich, was m\u00fcsste passieren, dass ich eine Ver\u00e4nderung merke?<br><br>Und dann nimm die L\u00f6sungss\u00e4tze mit dieser Antwort.<br><br>Manchmal passiert es, das sich die Gedanken nach diesen S\u00e4tzen in die Zukunft bewegen.<br><br>Das ist schon die Ver\u00e4nderung.<br><br>Und nimm jetzt wahr, ob diese Zukunftsgedanken, deinen momentanen Zustand reparieren, oder ob diese Zukunftsgedanken f\u00fcr dich eine neue Perspektive sind, ein wirkliches Ziel, eine wahrhaftige Vision, der du jetzt mit Leichtigkeit, Freude und&nbsp; diesem inneren Standing, folgst.<br><br><br>Experimentiere, probiere aus, entdecke Altes, nicht mehr N\u00fctzliches, Hinderliches in dir und l\u00f6se deine emotionalen Anhaftung daran.<br>Dadurch kommst du in diese innere emotionale Freiheit, das zu tun, das zu denken, das zu f\u00fchlen, und zu handeln, wie du es gerne h\u00e4ttest.<br><br>Ich w\u00fcrde gerne deine Erfahrungen, Entdeckungen, und Erlebnisse mit dir teilen.<\/p>\n\n\n\n<p>Entwickelt von Steve Wells<\/p>\n\n\n\n<figure class=\"wp-block-embed is-type-wp-embed is-provider-intention-tapping wp-block-embed-intention-tapping\"><div class=\"wp-block-embed__wrapper\">\n<div class=\"oceanwp-oembed-wrap clr\"><blockquote class=\"wp-embedded-content\" data-secret=\"EI0xxi7h8m\"><a href=\"https:\/\/intentiontapping.com\/self-help\/\">Self Help<\/a><\/blockquote><iframe class=\"wp-embedded-content\" sandbox=\"allow-scripts\" security=\"restricted\" style=\"position: absolute; clip: rect(1px, 1px, 1px, 1px);\" title=\"&#8220;Self Help&#8221; &#8212; Intention Tapping\" src=\"https:\/\/intentiontapping.com\/self-help\/embed\/#?secret=YXg5CWVPFV#?secret=EI0xxi7h8m\" data-secret=\"EI0xxi7h8m\" width=\"600\" height=\"338\" frameborder=\"0\" marginwidth=\"0\" marginheight=\"0\" scrolling=\"no\"><\/iframe><\/div>\n<\/div><\/figure>\n","protected":false},"excerpt":{"rendered":"<p>Vision, wahrhaftiges Ziel, Liebe der Kreation und Aufschieberitis Was w\u00fcrdest du lieben zu kreieren?Was ist es, das dein Herz zum Schwingen bringt?Was ist das, was du wirklich und wahrhaftig f\u00fcr dein Leben willst?Was m\u00fcsste passieren, dass du in diesen Aha Moment kommst, und genau wei\u00dft, das ist es, was ich lieben w\u00fcrde zu kreieren. Ohne, [&hellip;]<\/p>\n","protected":false},"author":2,"featured_media":500,"comment_status":"closed","ping_status":"closed","sticky":false,"template":"","format":"standard","meta":{"ocean_post_layout":"","ocean_both_sidebars_style":"","ocean_both_sidebars_content_width":0,"ocean_both_sidebars_sidebars_width":0,"ocean_sidebar":"0","ocean_second_sidebar":"0","ocean_disable_margins":"enable","ocean_add_body_class":"","ocean_shortcode_before_top_bar":"","ocean_shortcode_after_top_bar":"","ocean_shortcode_before_header":"","ocean_shortcode_after_header":"","ocean_has_shortcode":"","ocean_shortcode_after_title":"","ocean_shortcode_before_footer_widgets":"","ocean_shortcode_after_footer_widgets":"","ocean_shortcode_before_footer_bottom":"","ocean_shortcode_after_footer_bottom":"","ocean_display_top_bar":"default","ocean_display_header":"default","ocean_header_style":"","ocean_center_header_left_menu":"0","ocean_custom_header_template":"0","ocean_custom_logo":0,"ocean_custom_retina_logo":0,"ocean_custom_logo_max_width":0,"ocean_custom_logo_tablet_max_width":0,"ocean_custom_logo_mobile_max_width":0,"ocean_custom_logo_max_height":0,"ocean_custom_logo_tablet_max_height":0,"ocean_custom_logo_mobile_max_height":0,"ocean_header_custom_menu":"0","ocean_menu_typo_font_family":"0","ocean_menu_typo_font_subset":"","ocean_menu_typo_font_size":0,"ocean_menu_typo_font_size_tablet":0,"ocean_menu_typo_font_size_mobile":0,"ocean_menu_typo_font_size_unit":"px","ocean_menu_typo_font_weight":"","ocean_menu_typo_font_weight_tablet":"","ocean_menu_typo_font_weight_mobile":"","ocean_menu_typo_transform":"","ocean_menu_typo_transform_tablet":"","ocean_menu_typo_transform_mobile":"","ocean_menu_typo_line_height":0,"ocean_menu_typo_line_height_tablet":0,"ocean_menu_typo_line_height_mobile":0,"ocean_menu_typo_line_height_unit":"","ocean_menu_typo_spacing":0,"ocean_menu_typo_spacing_tablet":0,"ocean_menu_typo_spacing_mobile":0,"ocean_menu_typo_spacing_unit":"","ocean_menu_link_color":"","ocean_menu_link_color_hover":"","ocean_menu_link_color_active":"","ocean_menu_link_background":"","ocean_menu_link_hover_background":"","ocean_menu_link_active_background":"","ocean_menu_social_links_bg":"","ocean_menu_social_hover_links_bg":"","ocean_menu_social_links_color":"","ocean_menu_social_hover_links_color":"","ocean_disable_title":"default","ocean_disable_heading":"default","ocean_post_title":"","ocean_post_subheading":"","ocean_post_title_style":"","ocean_post_title_background_color":"","ocean_post_title_background":0,"ocean_post_title_bg_image_position":"","ocean_post_title_bg_image_attachment":"","ocean_post_title_bg_image_repeat":"","ocean_post_title_bg_image_size":"","ocean_post_title_height":0,"ocean_post_title_bg_overlay":0.5,"ocean_post_title_bg_overlay_color":"","ocean_disable_breadcrumbs":"default","ocean_breadcrumbs_color":"","ocean_breadcrumbs_separator_color":"","ocean_breadcrumbs_links_color":"","ocean_breadcrumbs_links_hover_color":"","ocean_display_footer_widgets":"default","ocean_display_footer_bottom":"default","ocean_custom_footer_template":"0","ocean_post_oembed":"","ocean_post_self_hosted_media":"","ocean_post_video_embed":"","ocean_link_format":"","ocean_link_format_target":"self","ocean_quote_format":"","ocean_quote_format_link":"post","ocean_gallery_link_images":"off","ocean_gallery_id":[]},"categories":[5],"tags":[249,252,122,258,256,254,246,253,261,259,250],"_links":{"self":[{"href":"https:\/\/blog.kerstinwarkentin.de\/index.php?rest_route=\/wp\/v2\/posts\/499"}],"collection":[{"href":"https:\/\/blog.kerstinwarkentin.de\/index.php?rest_route=\/wp\/v2\/posts"}],"about":[{"href":"https:\/\/blog.kerstinwarkentin.de\/index.php?rest_route=\/wp\/v2\/types\/post"}],"author":[{"embeddable":true,"href":"https:\/\/blog.kerstinwarkentin.de\/index.php?rest_route=\/wp\/v2\/users\/2"}],"replies":[{"embeddable":true,"href":"https:\/\/blog.kerstinwarkentin.de\/index.php?rest_route=%2Fwp%2Fv2%2Fcomments&post=499"}],"version-history":[{"count":2,"href":"https:\/\/blog.kerstinwarkentin.de\/index.php?rest_route=\/wp\/v2\/posts\/499\/revisions"}],"predecessor-version":[{"id":502,"href":"https:\/\/blog.kerstinwarkentin.de\/index.php?rest_route=\/wp\/v2\/posts\/499\/revisions\/502"}],"wp:featuredmedia":[{"embeddable":true,"href":"https:\/\/blog.kerstinwarkentin.de\/index.php?rest_route=\/wp\/v2\/media\/500"}],"wp:attachment":[{"href":"https:\/\/blog.kerstinwarkentin.de\/index.php?rest_route=%2Fwp%2Fv2%2Fmedia&parent=499"}],"wp:term":[{"taxonomy":"category","embeddable":true,"href":"https:\/\/blog.kerstinwarkentin.de\/index.php?rest_route=%2Fwp%2Fv2%2Fcategories&post=499"},{"taxonomy":"post_tag","embeddable":true,"href":"https:\/\/blog.kerstinwarkentin.de\/index.php?rest_route=%2Fwp%2Fv2%2Ftags&post=499"}],"curies":[{"name":"wp","href":"https:\/\/api.w.org\/{rel}","templated":true}]}}